{"id":203,"date":"2021-08-06T08:40:09","date_gmt":"2021-08-06T08:40:09","guid":{"rendered":"https:\/\/www.anke-simon-spd.de\/?p=203"},"modified":"2021-08-06T08:45:29","modified_gmt":"2021-08-06T08:45:29","slug":"sabine-baetzing-lichtenthaeler-kommt-nach-ludwigshafen","status":"publish","type":"post","link":"https:\/\/www.anke-simon-spd.de\/?p=203","title":{"rendered":"Sabine B\u00e4tzing-Lichtenth\u00e4ler kommt nach Ludwigshafen"},"content":{"rendered":"<p>*Sabine B\u00e4tzing-Lichtenth\u00e4ler kommt nach Ludwigshafen *<br \/>\nAm 7. August 2021 wird die Vorsitzende der SPD-Landtagsfraktion Sabine B\u00e4tzing-Lichtenth\u00e4ler im Rahmen ihrer Sommertour 2021 durch Rheinland-Pfalz auch nach Ludwigs-hafen kommen. Vormittags wird sie im Wahlkreis von Heike Scharfenberger und am Nach-mittag in dem von Anke Simon unterwegs sein.<br \/>\nVon 9:00 Uhr bis 11:00 Uhr wird sie die Vereinsanlage des TV Edigheim und von 11:00 Uhr bis 12:00 Uhr die Jugendfarm in der Pfingstweide besuchen. Am Nachmittag stehen folgende Besuche auf dem Programm: 13.00 Uhr Treffen am Eingang Rathaus mit anschlie\u00dfendem Spaziergang durch die Prinzregenten Stra\u00dfe. Ab 14.00 Uhr Besuch der Bayreuther Stra\u00dfe und 14.30 Uhr Besichtigung des Bliesbades. Neben der Besichtigung der Anlagen wird es auch Gespr\u00e4che mit ehrenamtlichen Vertretern der Vereine geben.<br \/>\nDie Sommertour steht unter der \u00dcberschrift \u201eBegegnungen: Ehrenamt\u201c. Denn mit dem Sommer und den Schritten, die uns die Entwicklung der Corona-Fallzahlen m\u00f6glich machen, sind wieder mehr Begegnungen m\u00f6glich. Begegnungen mit ehrenamtlich engagierten Menschen in ihren jeweiligen Bereichen. Die Erfahrungen in dieser Corona-Pandemie haben gezeigt: Es macht Mut, wenn man sieht, wie viele Menschen in Rheinland-Pfalz bereit waren und sind, zu helfen und zu unterst\u00fctzen. Auf eines war und ist Verlass &#8211; auch in dieser Pandemie: Auf das Ehrenamtliche Engagement vieler Menschen in Rheinland-Pfalz kann man bauen. Gleichwohl ist aber auch das Ehrenamt unter Druck geraten.<br \/>\nBei dem Besuch von Sabine B\u00e4tzing-Lichtenth\u00e4ler geht es um die Information \u00fcber die Arbeit der SPD-Landtagsfraktion und insbesondere den Dialog mit den Ehrenamtlichen. Um ihre Erfahrungen in der Pandemie, ihre Erwartungen an die Politik und um die Erkenntnisse, die die Landtagsfraktion in ihren parlamentarischen Initiativen im Landtag beachten will. Heike Scharfenberger und Anke Simon: \u201eWir freuen uns, dass Sabine B\u00e4tzing-Lichtenth\u00e4ler im Rahmen ihren Sommertour auch nach Ludwigshafen kommen und verschiedene Einrich-tungen und Vereine besuchen wird\u201c.<\/p>\n","protected":false},"excerpt":{"rendered":"<p>*Sabine B\u00e4tzing-Lichtenth\u00e4ler kommt nach Ludwigshafen * Am 7. August 2021 wird die Vorsitzende der SPD-Landtagsfraktion Sabine B\u00e4tzing-Lichtenth\u00e4ler im Rahmen ihrer Sommertour 2021 durch Rheinland-Pfalz auch nach Ludwigs-hafen kommen. Vormittags wird sie im Wahlkreis von Heike Scharfenberger und am Nach-mittag in&#8230; <a class=\"more-link\" href=\"https:\/\/www.anke-simon-spd.de\/?p=203\">Weiterlesen &rarr;<\/a><\/p>\n","protected":false},"author":2,"featured_media":0,"comment_status":"closed","ping_status":"open","sticky":false,"template":"","format":"standard","meta":[],"categories":[1],"tags":[],"_links":{"self":[{"href":"https:\/\/www.anke-simon-spd.de\/index.php?rest_route=\/wp\/v2\/posts\/203"}],"collection":[{"href":"https:\/\/www.anke-simon-spd.de\/index.php?rest_route=\/wp\/v2\/posts"}],"about":[{"href":"https:\/\/www.anke-simon-spd.de\/index.php?rest_route=\/wp\/v2\/types\/post"}],"author":[{"embeddable":true,"href":"https:\/\/www.anke-simon-spd.de\/index.php?rest_route=\/wp\/v2\/users\/2"}],"replies":[{"embeddable":true,"href":"https:\/\/www.anke-simon-spd.de\/index.php?rest_route=%2Fwp%2Fv2%2Fcomments&post=203"}],"version-history":[{"count":0,"href":"https:\/\/www.anke-simon-spd.de\/index.php?rest_route=\/wp\/v2\/posts\/203\/revisions"}],"wp:attachment":[{"href":"https:\/\/www.anke-simon-spd.de\/index.php?rest_route=%2Fwp%2Fv2%2Fmedia&parent=203"}],"wp:term":[{"taxonomy":"category","embeddable":true,"href":"https:\/\/www.anke-simon-spd.de\/index.php?rest_route=%2Fwp%2Fv2%2Fcategories&post=203"},{"taxonomy":"post_tag","embeddable":true,"href":"https:\/\/www.anke-simon-spd.de\/index.php?rest_route=%2Fwp%2Fv2%2Ftags&post=203"}],"curies":[{"name":"wp","href":"https:\/\/api.w.org\/{rel}","templated":true}]}}